{"id":24429,"date":"2025-11-19T08:44:14","date_gmt":"2025-11-19T07:44:14","guid":{"rendered":"https:\/\/retinadesign.com\/iris\/"},"modified":"2025-11-19T19:57:36","modified_gmt":"2025-11-19T18:57:36","slug":"iris","status":"publish","type":"post","link":"https:\/\/retinadesign.com\/fr\/iris\/","title":{"rendered":"Iris"},"content":{"rendered":"\t\t<div data-elementor-type=\"wp-post\" data-elementor-id=\"24429\" class=\"elementor elementor-24429 elementor-24405\" data-elementor-post-type=\"post\">\n\t\t\t\t<div class=\"elementor-element elementor-element-53c8eef3 e-con-full e-flex e-con e-parent\" data-id=\"53c8eef3\" data-element_type=\"container\" data-e-type=\"container\" data-settings=\"{&quot;background_background&quot;:&quot;classic&quot;}\">\n\t\t<div class=\"elementor-element elementor-element-25c17b76 e-con-full animated-slow e-flex elementor-invisible e-con e-child\" data-id=\"25c17b76\" data-element_type=\"container\" data-e-type=\"container\" data-settings=\"{&quot;animation&quot;:&quot;fadeInUp&quot;}\">\n\t\t\t\t<div class=\"elementor-element elementor-element-4f415e33 elementor-widget__width-initial elementor-widget elementor-widget-heading\" data-id=\"4f415e33\" data-element_type=\"widget\" data-e-type=\"widget\" data-widget_type=\"heading.default\">\n\t\t\t\t<div class=\"elementor-widget-container\">\n\t\t\t\t\t<h1 class=\"elementor-heading-title elementor-size-default\">La fascination de l'iris - la fen\u00eatre de l'\u00e2me<\/h1>\t\t\t\t<\/div>\n\t\t\t\t<\/div>\n\t\t\t\t<div class=\"elementor-element elementor-element-68a3fba elementor-widget__width-initial elementor-widget elementor-widget-heading\" data-id=\"68a3fba\" data-element_type=\"widget\" data-e-type=\"widget\" data-widget_type=\"heading.default\">\n\t\t\t\t<div class=\"elementor-widget-container\">\n\t\t\t\t\t<p class=\"elementor-heading-title elementor-size-default\">Faits et anecdotes<\/p>\t\t\t\t<\/div>\n\t\t\t\t<\/div>\n\t\t\t\t<div class=\"elementor-element elementor-element-447e7b02 elementor-widget elementor-widget-heading\" data-id=\"447e7b02\" data-element_type=\"widget\" data-e-type=\"widget\" data-widget_type=\"heading.default\">\n\t\t\t\t<div class=\"elementor-widget-container\">\n\t\t\t\t\t<p class=\"elementor-heading-title elementor-size-default\">En savoir plus<\/p>\t\t\t\t<\/div>\n\t\t\t\t<\/div>\n\t\t\t\t<div class=\"elementor-element elementor-element-4d32cf36 arrow-down  elementor-view-default elementor-widget elementor-widget-icon\" data-id=\"4d32cf36\" data-element_type=\"widget\" data-e-type=\"widget\" data-widget_type=\"icon.default\">\n\t\t\t\t<div class=\"elementor-widget-container\">\n\t\t\t\t\t\t\t<div class=\"elementor-icon-wrapper\">\n\t\t\t<div class=\"elementor-icon\">\n\t\t\t<svg xmlns=\"http:\/\/www.w3.org\/2000\/svg\" width=\"15\" height=\"32\" viewBox=\"0 0 15 32\" fill=\"none\"><path d=\"M13.617 22.8504L15 24.2629L7.5076 32L0 24.2629L1.38298 22.8504L6.51976 28.155L6.50456 0H8.44985L8.46505 28.1707L13.617 22.8504Z\" fill=\"white\"><\/path><\/svg>\t\t\t<\/div>\n\t\t<\/div>\n\t\t\t\t\t\t<\/div>\n\t\t\t\t<\/div>\n\t\t\t\t<div class=\"elementor-element elementor-element-6c68339f elementor-widget elementor-widget-image\" data-id=\"6c68339f\" data-element_type=\"widget\" data-e-type=\"widget\" data-widget_type=\"image.default\">\n\t\t\t\t<div class=\"elementor-widget-container\">\n\t\t\t\t\t\t\t\t\t\t\t\t\t\t\t<img fetchpriority=\"high\" decoding=\"async\" width=\"800\" height=\"247\" src=\"https:\/\/retinadesign.com\/wp-content\/uploads\/2025\/09\/slogan-retinadesign-1-1000x309.png\" class=\"attachment-large size-large wp-image-17056\" alt=\"\" srcset=\"https:\/\/retinadesign.com\/wp-content\/uploads\/2025\/09\/slogan-retinadesign-1-1000x309.png 1000w, https:\/\/retinadesign.com\/wp-content\/uploads\/2025\/09\/slogan-retinadesign-1-300x93.png 300w, https:\/\/retinadesign.com\/wp-content\/uploads\/2025\/09\/slogan-retinadesign-1-768x238.png 768w, https:\/\/retinadesign.com\/wp-content\/uploads\/2025\/09\/slogan-retinadesign-1.png 1338w\" sizes=\"(max-width: 800px) 100vw, 800px\" \/>\t\t\t\t\t\t\t\t\t\t\t\t\t\t\t<\/div>\n\t\t\t\t<\/div>\n\t\t\t\t<\/div>\n\t\t\t\t<\/div>\n\t\t<div class=\"elementor-element elementor-element-eb4327f e-flex e-con-boxed e-con e-parent\" data-id=\"eb4327f\" data-element_type=\"container\" data-e-type=\"container\" data-settings=\"{&quot;background_background&quot;:&quot;classic&quot;}\">\n\t\t\t\t\t<div class=\"e-con-inner\">\n\t\t<div class=\"elementor-element elementor-element-1e12a06 e-con-full e-flex e-con e-child\" data-id=\"1e12a06\" data-element_type=\"container\" data-e-type=\"container\">\n\t\t<div class=\"elementor-element elementor-element-3c77b76 e-con-full e-grid e-con e-child\" data-id=\"3c77b76\" data-element_type=\"container\" data-e-type=\"container\" data-settings=\"{&quot;animation&quot;:&quot;none&quot;}\">\n\t\t<div class=\"elementor-element elementor-element-f415821 e-con-full e-flex e-con e-child\" data-id=\"f415821\" data-element_type=\"container\" data-e-type=\"container\" data-settings=\"{&quot;background_background&quot;:&quot;classic&quot;}\">\n\t\t\t\t<\/div>\n\t\t<div class=\"elementor-element elementor-element-54d3a9d e-con-full e-flex e-con e-child\" data-id=\"54d3a9d\" data-element_type=\"container\" data-e-type=\"container\">\n\t\t\t\t<div class=\"elementor-element elementor-element-54fc1cd elementor-widget elementor-widget-heading\" data-id=\"54fc1cd\" data-element_type=\"widget\" data-e-type=\"widget\" data-widget_type=\"heading.default\">\n\t\t\t\t<div class=\"elementor-widget-container\">\n\t\t\t\t\t<h2 class=\"elementor-heading-title elementor-size-default\">L'iris \u2013 Une \u0153uvre d'art naturelle entre identit\u00e9, beaut\u00e9 et signification<\/h2>\t\t\t\t<\/div>\n\t\t\t\t<\/div>\n\t\t\t\t<div class=\"elementor-element elementor-element-13bda33 elementor-widget elementor-widget-text-editor\" data-id=\"13bda33\" data-element_type=\"widget\" data-e-type=\"widget\" data-widget_type=\"text-editor.default\">\n\t\t\t\t<div class=\"elementor-widget-container\">\n\t\t\t\t\t\t\t\t\t<p>L&rsquo;iris est l&rsquo;une des merveilles les plus discr\u00e8tes de notre corps. Il est \u00e0 la fois couleur, structure, musculature et motif symbolique qui fascine les hommes depuis des si\u00e8cles. Il allie biologie, \u00e9motion et personnalit\u00e9 pour former une image d&rsquo;une rare expressivit\u00e9. C&rsquo;est un cercle vivant fait d&rsquo;ombre et de lumi\u00e8re, un fin entrelacement de lignes qui ne ressemble \u00e0 aucun autre.<\/p>\n<p>Cet article vous plonge dans l&rsquo;univers de l&rsquo;iris. Il explique comment il se forme, pourquoi ses couleurs sont si vari\u00e9es, comment il change au cours de la vie et pourquoi il est devenu un arch\u00e9type po\u00e9tique en tant que \u00ab fen\u00eatre de l&rsquo;\u00e2me \u00bb. En m\u00eame temps, il jette un regard critique sur les anciens mythes tels que le diagnostic par l&rsquo;iris et montre pourquoi la photographie moderne de l&rsquo;iris fascine aujourd&rsquo;hui les gens dans le monde entier.<\/p>\n<p>Un voyage \u00e0 travers un motif aussi humain que notre propre regard.<\/p>\n\t\t\t\t\t\t\t\t<\/div>\n\t\t\t\t<\/div>\n\t\t\t\t<\/div>\n\t\t\t\t<\/div>\n\t\t\t\t<\/div>\n\t\t\t\t\t<\/div>\n\t\t\t\t<\/div>\n\t\t<div class=\"elementor-element elementor-element-7e1550f e-flex e-con-boxed e-con e-parent\" data-id=\"7e1550f\" data-element_type=\"container\" data-e-type=\"container\" data-settings=\"{&quot;background_background&quot;:&quot;classic&quot;}\">\n\t\t\t\t\t<div class=\"e-con-inner\">\n\t\t<div class=\"elementor-element elementor-element-324d0e5 e-con-full e-flex e-con e-child\" data-id=\"324d0e5\" data-element_type=\"container\" data-e-type=\"container\">\n\t\t<div class=\"elementor-element elementor-element-0eea768 e-con-full e-grid e-con e-child\" data-id=\"0eea768\" data-element_type=\"container\" data-e-type=\"container\" data-settings=\"{&quot;animation&quot;:&quot;none&quot;}\">\n\t\t<div class=\"elementor-element elementor-element-c6d651f e-con-full e-flex e-con e-child\" data-id=\"c6d651f\" data-element_type=\"container\" data-e-type=\"container\" data-settings=\"{&quot;background_background&quot;:&quot;classic&quot;}\">\n\t\t\t\t<\/div>\n\t\t<div class=\"elementor-element elementor-element-07b6a79 e-con-full e-flex e-con e-child\" data-id=\"07b6a79\" data-element_type=\"container\" data-e-type=\"container\">\n\t\t\t\t<div class=\"elementor-element elementor-element-4483670 elementor-widget elementor-widget-heading\" data-id=\"4483670\" data-element_type=\"widget\" data-e-type=\"widget\" data-widget_type=\"heading.default\">\n\t\t\t\t<div class=\"elementor-widget-container\">\n\t\t\t\t\t<h2 class=\"elementor-heading-title elementor-size-default\">L'iris \u2013 Une \u0153uvre d'art naturelle entre identit\u00e9, beaut\u00e9 et signification<\/h2>\t\t\t\t<\/div>\n\t\t\t\t<\/div>\n\t\t\t\t<div class=\"elementor-element elementor-element-d40f9f2 elementor-widget elementor-widget-text-editor\" data-id=\"d40f9f2\" data-element_type=\"widget\" data-e-type=\"widget\" data-widget_type=\"text-editor.default\">\n\t\t\t\t<div class=\"elementor-widget-container\">\n\t\t\t\t\t\t\t\t\t<p>L&rsquo;iris est l&rsquo;une des merveilles les plus discr\u00e8tes de notre corps. Il est \u00e0 la fois couleur, structure, musculature et motif symbolique qui fascine les hommes depuis des si\u00e8cles. Il allie biologie, \u00e9motion et personnalit\u00e9 pour former une image d&rsquo;une rare expressivit\u00e9. C&rsquo;est un cercle vivant fait d&rsquo;ombre et de lumi\u00e8re, un fin entrelacement de lignes qui ne ressemble \u00e0 aucun autre.<\/p>\n<p>Cet article vous plonge dans l&rsquo;univers de l&rsquo;iris. Il explique comment il se forme, pourquoi ses couleurs sont si vari\u00e9es, comment il change au cours de la vie et pourquoi il est devenu un arch\u00e9type po\u00e9tique en tant que \u00ab fen\u00eatre de l&rsquo;\u00e2me \u00bb. En m\u00eame temps, il jette un regard critique sur les anciens mythes tels que le diagnostic de l&rsquo;iris et montre pourquoi la photographie moderne de l&rsquo;iris fascine aujourd&rsquo;hui les gens dans le monde entier.<\/p>\n<p>Un voyage \u00e0 travers un motif aussi humain que notre propre regard.<\/p>\n\t\t\t\t\t\t\t\t<\/div>\n\t\t\t\t<\/div>\n\t\t\t\t<\/div>\n\t\t\t\t<\/div>\n\t\t\t\t<\/div>\n\t\t\t\t\t<\/div>\n\t\t\t\t<\/div>\n\t\t<div class=\"elementor-element elementor-element-f5014fe e-flex e-con-boxed e-con e-parent\" data-id=\"f5014fe\" data-element_type=\"container\" data-e-type=\"container\">\n\t\t\t\t\t<div class=\"e-con-inner\">\n\t\t<div class=\"elementor-element elementor-element-5fc5e1a e-con-full e-grid e-con e-child\" data-id=\"5fc5e1a\" data-element_type=\"container\" data-e-type=\"container\" data-settings=\"{&quot;animation&quot;:&quot;none&quot;}\">\n\t\t<div class=\"elementor-element elementor-element-71cd656 e-con-full e-flex e-con e-child\" data-id=\"71cd656\" data-element_type=\"container\" data-e-type=\"container\">\n\t\t\t\t<div class=\"elementor-element elementor-element-60c26e0 elementor-widget elementor-widget-heading\" data-id=\"60c26e0\" data-element_type=\"widget\" data-e-type=\"widget\" data-widget_type=\"heading.default\">\n\t\t\t\t<div class=\"elementor-widget-container\">\n\t\t\t\t\t<h2 class=\"elementor-heading-title elementor-size-default\">1. L'iris \u2013 ce qu'il est, sans le d\u00e9senchanter<\/h2>\t\t\t\t<\/div>\n\t\t\t\t<\/div>\n\t\t\t\t<div class=\"elementor-element elementor-element-ff4ae40 elementor-widget elementor-widget-text-editor\" data-id=\"ff4ae40\" data-element_type=\"widget\" data-e-type=\"widget\" data-widget_type=\"text-editor.default\">\n\t\t\t\t<div class=\"elementor-widget-container\">\n\t\t\t\t\t\t\t\t\t<p>L&rsquo;iris encadre la pupille comme une sc\u00e8ne lumineuse. Muscle annulaire, il r\u00e9gule la quantit\u00e9 de lumi\u00e8re qui p\u00e9n\u00e8tre dans l&rsquo;\u0153il. Mais derri\u00e8re cette description fonctionnelle se cache un ph\u00e9nom\u00e8ne esth\u00e9tique.<\/p>\n<p>Sa surface ressemble \u00e0 un motif cosmique \u2013 comme une n\u00e9buleuse, un paysage, un tourbillon. Des lignes rayonnent de la pupille vers l&rsquo;ext\u00e9rieur, de fines fibres forment des structures qui ressemblent \u00e0 des p\u00e9tales, et des couches de couleur se superposent comme des nuances d&rsquo;aquarelle.<\/p>\n<p>L&rsquo;iris n&rsquo;est pas une image statique. C&rsquo;est un tissu vivant.<br \/>\u00c0 chaque clignement des paupi\u00e8res, \u00e0 chaque mouvement de l&rsquo;\u0153il, il semble changer, capter la lumi\u00e8re et la restituer. La combinaison des jeux de couleurs, de la texture et du dynamisme en fait l&rsquo;un des endroits les plus expressifs de notre corps.<\/p>\n\t\t\t\t\t\t\t\t<\/div>\n\t\t\t\t<\/div>\n\t\t\t\t<\/div>\n\t\t<div class=\"elementor-element elementor-element-085e0a6 e-con-full e-flex e-con e-child\" data-id=\"085e0a6\" data-element_type=\"container\" data-e-type=\"container\" data-settings=\"{&quot;background_background&quot;:&quot;classic&quot;}\">\n\t\t\t\t<\/div>\n\t\t\t\t<\/div>\n\t\t\t\t\t<\/div>\n\t\t\t\t<\/div>\n\t\t<div class=\"elementor-element elementor-element-a86d588 e-flex e-con-boxed e-con e-parent\" data-id=\"a86d588\" data-element_type=\"container\" data-e-type=\"container\" data-settings=\"{&quot;background_background&quot;:&quot;classic&quot;}\">\n\t\t\t\t\t<div class=\"e-con-inner\">\n\t\t<div class=\"elementor-element elementor-element-c637e49 e-con-full e-flex e-con e-child\" data-id=\"c637e49\" data-element_type=\"container\" data-e-type=\"container\">\n\t\t<div class=\"elementor-element elementor-element-e6ed899 e-con-full e-grid e-con e-child\" data-id=\"e6ed899\" data-element_type=\"container\" data-e-type=\"container\" data-settings=\"{&quot;animation&quot;:&quot;none&quot;}\">\n\t\t<div class=\"elementor-element elementor-element-fd65219 e-con-full e-flex e-con e-child\" data-id=\"fd65219\" data-element_type=\"container\" data-e-type=\"container\" data-settings=\"{&quot;background_background&quot;:&quot;classic&quot;}\">\n\t\t\t\t<\/div>\n\t\t<div class=\"elementor-element elementor-element-b52d5ec e-con-full e-flex e-con e-child\" data-id=\"b52d5ec\" data-element_type=\"container\" data-e-type=\"container\">\n\t\t\t\t<div class=\"elementor-element elementor-element-5745bca elementor-widget elementor-widget-heading\" data-id=\"5745bca\" data-element_type=\"widget\" data-e-type=\"widget\" data-widget_type=\"heading.default\">\n\t\t\t\t<div class=\"elementor-widget-container\">\n\t\t\t\t\t<h2 class=\"elementor-heading-title elementor-size-default\">2. Comment se forment les couleurs de l'iris \u2013 un jeu entre pigments, lumi\u00e8re et profondeur<\/h2>\t\t\t\t<\/div>\n\t\t\t\t<\/div>\n\t\t\t\t<div class=\"elementor-element elementor-element-47d7aaa elementor-widget elementor-widget-text-editor\" data-id=\"47d7aaa\" data-element_type=\"widget\" data-e-type=\"widget\" data-widget_type=\"text-editor.default\">\n\t\t\t\t<div class=\"elementor-widget-container\">\n\t\t\t\t\t\t\t\t\t<p>Ce qui est fascinant, c&rsquo;est que l&rsquo;iris est moins \u00ab color\u00e9 \u00bb que nous le pensons.<br \/>Ce que nous percevons comme bleu, vert ou ambre r\u00e9sulte d&rsquo;une interaction entre :<\/p>\n<p>la m\u00e9lanine, le pigment qui colore la peau et les cheveux<\/p>\n<p>la diffusion de la lumi\u00e8re, comparable \u00e0 l&rsquo;effet qui rend le ciel bleu<\/p>\n<p>de fines cellules pigmentaires qui produisent des nuances dor\u00e9es ou ocres<\/p>\n<p>des microstructures qui r\u00e9fractent la lumi\u00e8re de diff\u00e9rentes mani\u00e8res<\/p>\n<p>La couleur de base n&rsquo;est donc pas le r\u00e9sultat d&rsquo;une palette comme en peinture, mais de la profondeur, de la r\u00e9flexion et de la fa\u00e7on dont la lumi\u00e8re \u00ab se d\u00e9place \u00bb dans l&rsquo;iris.<\/p>\n\t\t\t\t\t\t\t\t<\/div>\n\t\t\t\t<\/div>\n\t\t\t\t<\/div>\n\t\t\t\t<\/div>\n\t\t\t\t<\/div>\n\t\t\t\t<div class=\"elementor-element elementor-element-a3c2979 elementor-widget elementor-widget-text-editor\" data-id=\"a3c2979\" data-element_type=\"widget\" data-e-type=\"widget\" data-widget_type=\"text-editor.default\">\n\t\t\t\t<div class=\"elementor-widget-container\">\n\t\t\t\t\t\t\t\t\t<p>Les couleurs les plus courantes et leurs particularit\u00e9s<\/p>\n<p>Marron<\/p>\n<p>Densit\u00e9 \u00e9lev\u00e9e en m\u00e9lanine<\/p>\n<p>Chaud, terreux, avec une profondeur apaisante<\/p>\n<p>Donne souvent une impression de stabilit\u00e9 et d&rsquo;\u00ab ancrage \u00bb<\/p>\n<p>Bleu<\/p>\n<p>Peu de m\u00e9lanine<\/p>\n<p>La couleur est due \u00e0 la diffusion de la lumi\u00e8re<\/p>\n<p>Vif et chatoyant<\/p>\n<p>Vert et noisette<\/p>\n<p>Quantit\u00e9 moyenne de m\u00e9lanine<\/p>\n<p>M\u00e9lange complexe de couches dor\u00e9es et bleut\u00e9es.<\/p>\n<p>Tr\u00e8s variable \u2013 parfois diff\u00e9rent chaque jour.<\/p>\n<p>Ambre et ambre clair<\/p>\n<p>Teintes rares, presque cuivr\u00e9es.<\/p>\n<p>R\u00e9sultent de la ph\u00e9om\u00e9lanine.<\/p>\n<p>Particuli\u00e8rement chaud et presque incandescent.<\/p>\n<p>Pourquoi chaque iris est absolument unique<\/p>\n<p>M\u00eame si deux personnes ont la m\u00eame couleur de base, elles se distinguent par :<\/p>\n<p>Le rayon des fibres<\/p>\n<p>Les \u00eelots pigmentaires<\/p>\n<p>Les cryptes (petites \u00ab vall\u00e9es \u00bb dans la structure)<\/p>\n<p>Le motif rayonnant<\/p>\n<p>Les transitions du clair au fonc\u00e9<\/p>\n<p>Ces microstructures se forment avant la naissance, sous l&rsquo;effet d&rsquo;un m\u00e9lange de g\u00e9n\u00e9tique et de hasard, comme une empreinte digitale biologique, mais encore plus d\u00e9taill\u00e9e.<\/p>\n\t\t\t\t\t\t\t\t<\/div>\n\t\t\t\t<\/div>\n\t\t\t\t<div class=\"elementor-element elementor-element-a24f98f elementor-widget elementor-widget-image\" data-id=\"a24f98f\" data-element_type=\"widget\" data-e-type=\"widget\" data-widget_type=\"image.default\">\n\t\t\t\t<div class=\"elementor-widget-container\">\n\t\t\t\t\t\t\t\t\t\t\t\t\t\t\t<img decoding=\"async\" width=\"800\" height=\"247\" src=\"https:\/\/retinadesign.com\/wp-content\/uploads\/2025\/08\/brown-copper-TIOO-1000x309.png\" class=\"attachment-large size-large wp-image-16912\" alt=\"There Is Only One.\" srcset=\"https:\/\/retinadesign.com\/wp-content\/uploads\/2025\/08\/brown-copper-TIOO-1000x309.png 1000w, https:\/\/retinadesign.com\/wp-content\/uploads\/2025\/08\/brown-copper-TIOO-300x93.png 300w, https:\/\/retinadesign.com\/wp-content\/uploads\/2025\/08\/brown-copper-TIOO-768x237.png 768w, https:\/\/retinadesign.com\/wp-content\/uploads\/2025\/08\/brown-copper-TIOO-1536x475.png 1536w, https:\/\/retinadesign.com\/wp-content\/uploads\/2025\/08\/brown-copper-TIOO-2048x633.png 2048w\" sizes=\"(max-width: 800px) 100vw, 800px\" \/>\t\t\t\t\t\t\t\t\t\t\t\t\t\t\t<\/div>\n\t\t\t\t<\/div>\n\t\t\t\t\t<\/div>\n\t\t\t\t<\/div>\n\t\t<div class=\"elementor-element elementor-element-214885d e-flex e-con-boxed e-con e-parent\" data-id=\"214885d\" data-element_type=\"container\" data-e-type=\"container\">\n\t\t\t\t\t<div class=\"e-con-inner\">\n\t\t<div class=\"elementor-element elementor-element-54c40d6 e-con-full e-grid e-con e-child\" data-id=\"54c40d6\" data-element_type=\"container\" data-e-type=\"container\" data-settings=\"{&quot;animation&quot;:&quot;none&quot;}\">\n\t\t<div class=\"elementor-element elementor-element-4b8fa87 e-con-full e-flex e-con e-child\" data-id=\"4b8fa87\" data-element_type=\"container\" data-e-type=\"container\">\n\t\t\t\t<div class=\"elementor-element elementor-element-a858476 elementor-widget elementor-widget-heading\" data-id=\"a858476\" data-element_type=\"widget\" data-e-type=\"widget\" data-widget_type=\"heading.default\">\n\t\t\t\t<div class=\"elementor-widget-container\">\n\t\t\t\t\t<h2 class=\"elementor-heading-title elementor-size-default\">3. L'iris change-t-il au cours de la vie ?<\/h2>\t\t\t\t<\/div>\n\t\t\t\t<\/div>\n\t\t\t\t<div class=\"elementor-element elementor-element-6c54951 elementor-widget elementor-widget-text-editor\" data-id=\"6c54951\" data-element_type=\"widget\" data-e-type=\"widget\" data-widget_type=\"text-editor.default\">\n\t\t\t\t<div class=\"elementor-widget-container\">\n\t\t\t\t\t\t\t\t\t<p>La structure de base reste stable.<br \/>C&rsquo;est pr\u00e9cis\u00e9ment ce qui rend les syst\u00e8mes biom\u00e9triques fiables.<\/p>\n<p>Mais comme tout tissu vivant, l&rsquo;iris subit de l\u00e9g\u00e8res modifications au fil des ans :<\/p>\n<p>Les nuances de couleur peuvent changer.<\/p>\n<p>Chez les b\u00e9b\u00e9s aux yeux clairs, l&rsquo;iris s&rsquo;assombrit souvent au cours des premi\u00e8res ann\u00e9es.<\/p>\n<p>Avec l&rsquo;\u00e2ge, la teinte peut l\u00e9g\u00e8rement s&rsquo;estomper ou devenir plus chaude.<\/p>\n<p>Les migrations pigmentaires peuvent accentuer les taches dor\u00e9es ou ocres.<\/p>\n<p>Influence des hormones et de la lumi\u00e8re<\/p>\n<p>La pubert\u00e9, la grossesse et les fluctuations hormonales modifient parfois l&rsquo;intensit\u00e9.<\/p>\n<p>Les rayons UV peuvent augmenter la teneur en m\u00e9lanine, ce qui rend l&rsquo;iris plus fonc\u00e9.<\/p>\n<p>Influences m\u00e9dicamenteuses ou m\u00e9dicales<\/p>\n<p>Certains m\u00e9dicaments contre le glaucome (analogues de la prostaglandine) peuvent provoquer un assombrissement permanent.<\/p>\n<p>Les inflammations ou les blessures peuvent entra\u00eener des d\u00e9placements locaux de pigments.<\/p>\n<p>Malgr\u00e9 tous ces facteurs, le motif sous-jacent reste inchang\u00e9.<br \/>L&rsquo;iris vieillit, mais il ne perd pas son identit\u00e9.<\/p>\n\t\t\t\t\t\t\t\t<\/div>\n\t\t\t\t<\/div>\n\t\t\t\t<\/div>\n\t\t<div class=\"elementor-element elementor-element-29b79fd e-con-full e-flex e-con e-child\" data-id=\"29b79fd\" data-element_type=\"container\" data-e-type=\"container\" data-settings=\"{&quot;background_background&quot;:&quot;classic&quot;}\">\n\t\t\t\t<\/div>\n\t\t\t\t<\/div>\n\t\t\t\t\t<\/div>\n\t\t\t\t<\/div>\n\t\t<div class=\"elementor-element elementor-element-c504b51 e-flex e-con-boxed e-con e-parent\" data-id=\"c504b51\" data-element_type=\"container\" data-e-type=\"container\" data-settings=\"{&quot;background_background&quot;:&quot;classic&quot;}\">\n\t\t\t\t\t<div class=\"e-con-inner\">\n\t\t<div class=\"elementor-element elementor-element-95c992d e-con-full e-flex e-con e-child\" data-id=\"95c992d\" data-element_type=\"container\" data-e-type=\"container\">\n\t\t<div class=\"elementor-element elementor-element-3d48f2d e-con-full e-grid e-con e-child\" data-id=\"3d48f2d\" data-element_type=\"container\" data-e-type=\"container\" data-settings=\"{&quot;animation&quot;:&quot;none&quot;}\">\n\t\t<div class=\"elementor-element elementor-element-06e99a9 e-con-full e-flex e-con e-child\" data-id=\"06e99a9\" data-element_type=\"container\" data-e-type=\"container\" data-settings=\"{&quot;background_background&quot;:&quot;classic&quot;}\">\n\t\t\t\t<\/div>\n\t\t<div class=\"elementor-element elementor-element-07f8a25 e-con-full e-flex e-con e-child\" data-id=\"07f8a25\" data-element_type=\"container\" data-e-type=\"container\">\n\t\t\t\t<div class=\"elementor-element elementor-element-960d832 elementor-widget elementor-widget-heading\" data-id=\"960d832\" data-element_type=\"widget\" data-e-type=\"widget\" data-widget_type=\"heading.default\">\n\t\t\t\t<div class=\"elementor-widget-container\">\n\t\t\t\t\t<h2 class=\"elementor-heading-title elementor-size-default\">4. Un lieu de beaut\u00e9 \u2013 pourquoi l'iris nous touche si profond\u00e9ment<\/h2>\t\t\t\t<\/div>\n\t\t\t\t<\/div>\n\t\t\t\t<div class=\"elementor-element elementor-element-36034b4 elementor-widget elementor-widget-text-editor\" data-id=\"36034b4\" data-element_type=\"widget\" data-e-type=\"widget\" data-widget_type=\"text-editor.default\">\n\t\t\t\t<div class=\"elementor-widget-container\">\n\t\t\t\t\t\t\t\t\t<p>Il existe des motifs universellement consid\u00e9r\u00e9s comme beaux : les cercles, les sym\u00e9tries, les structures filigranes. L&rsquo;iris r\u00e9unit tout cela et bien plus encore. Son ordre semble familier, sa profondeur myst\u00e9rieuse.<\/p>\n<p>Les raisons visuelles de son attrait<\/p>\n<p>Les motifs fractals rappellent les formes naturelles telles que les feuilles, les pierres, les coquillages.<\/p>\n<p>Le cercle est une forme arch\u00e9typale, symbole de compl\u00e9tude et d&rsquo;harmonie.<\/p>\n<p>Les contrastes entre la pupille, l&rsquo;iris et la scl\u00e8re cr\u00e9ent de la clart\u00e9.<\/p>\n<p>Les microd\u00e9tails invitent \u00e0 s&rsquo;attarder \u2013 l&rsquo;\u0153il est in\u00e9vitablement attir\u00e9.<\/p>\n<p>Mais la beaut\u00e9 seule n&rsquo;explique pas cette fascination. L&rsquo;iris est \u00e9troitement li\u00e9 \u00e0 l&rsquo;\u00e9motion : il montre l&rsquo;int\u00e9r\u00eat, la proximit\u00e9, l&rsquo;affection, l&rsquo;attention. Lorsque nous regardons quelqu&rsquo;un, nous voyageons un instant dans son monde \u2013 et l&rsquo;iris en est la porte d&rsquo;entr\u00e9e.<\/p>\n<p>\u00ab L&rsquo;\u0153il, miroir de l&rsquo;\u00e2me \u00bb \u2013 une v\u00e9rit\u00e9 po\u00e9tique.<\/p>\n<p>Scientifiquement ind\u00e9fendable, mais humainement ind\u00e9niable.<br \/>Nous lisons dans le regard des autres :<\/p>\n<p>la pr\u00e9sence<\/p>\n<p>la joie<\/p>\n<p>la fatigue<\/p>\n<p>la tendresse<\/p>\n<p>le scepticisme<\/p>\n<p>la vivacit\u00e9<\/p>\n<p>L&rsquo;iris rend ces nuances perceptibles. C&rsquo;est une sc\u00e8ne sur laquelle s&rsquo;expriment les \u00e9motions, sans mots.<\/p>\n\t\t\t\t\t\t\t\t<\/div>\n\t\t\t\t<\/div>\n\t\t\t\t<\/div>\n\t\t\t\t<\/div>\n\t\t\t\t<\/div>\n\t\t\t\t<div class=\"elementor-element elementor-element-86ef724 elementor-widget elementor-widget-image\" data-id=\"86ef724\" data-element_type=\"widget\" data-e-type=\"widget\" data-widget_type=\"image.default\">\n\t\t\t\t<div class=\"elementor-widget-container\">\n\t\t\t\t\t\t\t\t\t\t\t\t\t\t\t<img decoding=\"async\" width=\"800\" height=\"247\" src=\"https:\/\/retinadesign.com\/wp-content\/uploads\/2025\/08\/brown-copper-TIOO-1000x309.png\" class=\"attachment-large size-large wp-image-16912\" alt=\"There Is Only One.\" srcset=\"https:\/\/retinadesign.com\/wp-content\/uploads\/2025\/08\/brown-copper-TIOO-1000x309.png 1000w, https:\/\/retinadesign.com\/wp-content\/uploads\/2025\/08\/brown-copper-TIOO-300x93.png 300w, https:\/\/retinadesign.com\/wp-content\/uploads\/2025\/08\/brown-copper-TIOO-768x237.png 768w, https:\/\/retinadesign.com\/wp-content\/uploads\/2025\/08\/brown-copper-TIOO-1536x475.png 1536w, https:\/\/retinadesign.com\/wp-content\/uploads\/2025\/08\/brown-copper-TIOO-2048x633.png 2048w\" sizes=\"(max-width: 800px) 100vw, 800px\" \/>\t\t\t\t\t\t\t\t\t\t\t\t\t\t\t<\/div>\n\t\t\t\t<\/div>\n\t\t\t\t\t<\/div>\n\t\t\t\t<\/div>\n\t\t<div class=\"elementor-element elementor-element-a16c3ae e-flex e-con-boxed e-con e-parent\" data-id=\"a16c3ae\" data-element_type=\"container\" data-e-type=\"container\">\n\t\t\t\t\t<div class=\"e-con-inner\">\n\t\t<div class=\"elementor-element elementor-element-d062cc0 e-con-full e-grid e-con e-child\" data-id=\"d062cc0\" data-element_type=\"container\" data-e-type=\"container\" data-settings=\"{&quot;animation&quot;:&quot;none&quot;}\">\n\t\t<div class=\"elementor-element elementor-element-0d47c8f e-con-full e-flex e-con e-child\" data-id=\"0d47c8f\" data-element_type=\"container\" data-e-type=\"container\">\n\t\t\t\t<div class=\"elementor-element elementor-element-8b6982a elementor-widget elementor-widget-heading\" data-id=\"8b6982a\" data-element_type=\"widget\" data-e-type=\"widget\" data-widget_type=\"heading.default\">\n\t\t\t\t<div class=\"elementor-widget-container\">\n\t\t\t\t\t<h2 class=\"elementor-heading-title elementor-size-default\">5. Le diagnostic par l'iris \u2013 un beau mythe qui a ses limites<\/h2>\t\t\t\t<\/div>\n\t\t\t\t<\/div>\n\t\t\t\t<div class=\"elementor-element elementor-element-11c54f2 elementor-widget elementor-widget-text-editor\" data-id=\"11c54f2\" data-element_type=\"widget\" data-e-type=\"widget\" data-widget_type=\"text-editor.default\">\n\t\t\t\t<div class=\"elementor-widget-container\">\n\t\t\t\t\t\t\t\t\t<p data-start=\"6312\" data-end=\"6525\">Le diagnostic par l&rsquo;iris pr\u00e9tend pouvoir reconna\u00eetre l&rsquo;activit\u00e9 des organes et les tableaux cliniques \u00e0 partir des zones de l&rsquo;iris. Il est apparu au XIXe si\u00e8cle, n\u00e9 du d\u00e9sir de comprendre le corps \u00e0 partir de signes visibles.<\/p>\n<h3 data-start=\"6527\" data-end=\"6565\"><strong data-start=\"6531\" data-end=\"6565\">Pourquoi il a fascin\u00e9 pendant si longtemps<\/strong><\/h3>\n<p><\/p>\n<ul data-start=\"6566\" data-end=\"6747\">\n<li data-start=\"6566\" data-end=\"6593\">\n<p data-start=\"6568\" data-end=\"6593\">L&rsquo;iris semble \u00ab lisible \u00bb<\/p>\n<\/li>\n<li data-start=\"6594\" data-end=\"6629\">\n<p data-start=\"6596\" data-end=\"6629\">Ses motifs semblent ordonn\u00e9s<\/p>\n<\/li>\n<li data-start=\"6630\" data-end=\"6698\">\n<p data-start=\"6632\" data-end=\"6698\">Les gens veulent reconna\u00eetre des liens l\u00e0 o\u00f9 r\u00e8gne la complexit\u00e9<\/p>\n<\/li>\n<li data-start=\"6699\" data-end=\"6747\">\n<p data-start=\"6701\" data-end=\"6747\">Le regard dans les yeux a intuitivement une grande importance<\/p>\n<\/li>\n<\/ul>\n<p><\/p>\n<h3 data-start=\"6749\" data-end=\"6778\"><strong data-start=\"6753\" data-end=\"6778\">Consid\u00e9ration critique<\/strong><\/h3>\n<p><\/p>\n<p data-start=\"6779\" data-end=\"6967\">Les recherches modernes le montrent clairement :<br data-start=\"6808\" data-end=\"6811\" \/><strong data-start=\"6811\" data-end=\"6884\">les structures de l&rsquo;iris n&rsquo;ont pas de lien direct avec les fonctions organiques. <\/strong><br data-start=\"6884\" data-end=\"6887\" \/>Les modifications de l&rsquo;iris ne sont pas automatiquement synonymes de maladies physiques.<\/p>\n<p><\/p>\n<p data-start=\"6969\" data-end=\"7153\">N\u00e9anmoins, le diagnostic par l&rsquo;iris reste un concept historique int\u00e9ressant, non pas en tant qu&rsquo;outil m\u00e9dical, mais en tant qu&rsquo;expression de notre d\u00e9sir de trouver un sens dans ce qui est visible.<\/p>\n\t\t\t\t\t\t\t\t<\/div>\n\t\t\t\t<\/div>\n\t\t\t\t<\/div>\n\t\t<div class=\"elementor-element elementor-element-6ee473e e-con-full e-flex e-con e-child\" data-id=\"6ee473e\" data-element_type=\"container\" data-e-type=\"container\" data-settings=\"{&quot;background_background&quot;:&quot;classic&quot;}\">\n\t\t\t\t<\/div>\n\t\t\t\t<\/div>\n\t\t\t\t\t<\/div>\n\t\t\t\t<\/div>\n\t\t<div class=\"elementor-element elementor-element-1bf1fd8 e-flex e-con-boxed e-con e-parent\" data-id=\"1bf1fd8\" data-element_type=\"container\" data-e-type=\"container\" data-settings=\"{&quot;background_background&quot;:&quot;classic&quot;}\">\n\t\t\t\t\t<div class=\"e-con-inner\">\n\t\t<div class=\"elementor-element elementor-element-cb34ce2 e-con-full e-flex e-con e-child\" data-id=\"cb34ce2\" data-element_type=\"container\" data-e-type=\"container\">\n\t\t<div class=\"elementor-element elementor-element-9d19ec9 e-con-full e-grid e-con e-child\" data-id=\"9d19ec9\" data-element_type=\"container\" data-e-type=\"container\" data-settings=\"{&quot;animation&quot;:&quot;none&quot;}\">\n\t\t<div class=\"elementor-element elementor-element-ff3d3b5 e-con-full e-flex e-con e-child\" data-id=\"ff3d3b5\" data-element_type=\"container\" data-e-type=\"container\" data-settings=\"{&quot;background_background&quot;:&quot;classic&quot;}\">\n\t\t\t\t<\/div>\n\t\t<div class=\"elementor-element elementor-element-fb8cfd3 e-con-full e-flex e-con e-child\" data-id=\"fb8cfd3\" data-element_type=\"container\" data-e-type=\"container\">\n\t\t\t\t<div class=\"elementor-element elementor-element-bce5b37 elementor-widget elementor-widget-heading\" data-id=\"bce5b37\" data-element_type=\"widget\" data-e-type=\"widget\" data-widget_type=\"heading.default\">\n\t\t\t\t<div class=\"elementor-widget-container\">\n\t\t\t\t\t<h2 class=\"elementor-heading-title elementor-size-default\">6. La photographie moderne de l'iris : une nouvelle forme d'art<\/h2>\t\t\t\t<\/div>\n\t\t\t\t<\/div>\n\t\t\t\t<div class=\"elementor-element elementor-element-c2e5010 elementor-widget elementor-widget-text-editor\" data-id=\"c2e5010\" data-element_type=\"widget\" data-e-type=\"widget\" data-widget_type=\"text-editor.default\">\n\t\t\t\t<div class=\"elementor-widget-container\">\n\t\t\t\t\t\t\t\t\t<p>Ces derni\u00e8res ann\u00e9es, la photographie de l&rsquo;iris a connu un renouveau remarquable. Ce qui n&rsquo;\u00e9tait autrefois possible qu&rsquo;en recherche macro est aujourd&rsquo;hui accessible et atteint un niveau esth\u00e9tique tr\u00e8s \u00e9lev\u00e9.<\/p>\n<p>Pourquoi la photographie de l&rsquo;iris est-elle en plein essor ?<\/p>\n<p>1. Unicit\u00e9<br \/>Chaque iris est un motif unique, plus personnel qu&rsquo;une empreinte digitale, plus \u00e9motionnel qu&rsquo;un portrait.<\/p>\n<p>2. Esth\u00e9tique<br \/>Les structures color\u00e9es ressemblent \u00e0 des galaxies, des paysages ou des peintures abstraites.<\/p>\n<p>3. Motifs relationnels<br \/>Les couples font photographier leur iris ensemble : deux mondes qui se touchent dans l&rsquo;image.<\/p>\n<p>4. Nouvelles formes d&rsquo;expression<br \/>Les photos de l&rsquo;iris sont imprim\u00e9es, pr\u00e9sent\u00e9es derri\u00e8re de l&rsquo;acrylique, trait\u00e9es num\u00e9riquement ou int\u00e9gr\u00e9es dans des bijoux.<\/p>\n<p>De la photo \u00e0 l&rsquo;objet<\/p>\n<p>Alors que la photographie classique de l&rsquo;iris produit g\u00e9n\u00e9ralement une image imprim\u00e9e, de nouvelles voies s&rsquo;ouvrent aujourd&rsquo;hui :<\/p>\n<p>Cr\u00e9ation de reliefs<\/p>\n<p>Interpr\u00e9tations en m\u00e9taux pr\u00e9cieux<\/p>\n<p>Gravures<\/p>\n<p>Formes d&rsquo;art num\u00e9riques<\/p>\n<p>Fusions entre photo et forme<\/p>\n<p>La photographie de l&rsquo;iris \u00e9volue ainsi d&rsquo;une prise de vue esth\u00e9tique \u00e0 un objet sensuel, \u00e0 quelque chose qui reste.<\/p>\n\t\t\t\t\t\t\t\t<\/div>\n\t\t\t\t<\/div>\n\t\t\t\t<\/div>\n\t\t\t\t<\/div>\n\t\t\t\t<\/div>\n\t\t\t\t<div class=\"elementor-element elementor-element-441fc5e elementor-widget elementor-widget-image\" data-id=\"441fc5e\" data-element_type=\"widget\" data-e-type=\"widget\" data-widget_type=\"image.default\">\n\t\t\t\t<div class=\"elementor-widget-container\">\n\t\t\t\t\t\t\t\t\t\t\t\t\t\t\t<img decoding=\"async\" width=\"800\" height=\"247\" src=\"https:\/\/retinadesign.com\/wp-content\/uploads\/2025\/08\/brown-copper-TIOO-1000x309.png\" class=\"attachment-large size-large wp-image-16912\" alt=\"There Is Only One.\" srcset=\"https:\/\/retinadesign.com\/wp-content\/uploads\/2025\/08\/brown-copper-TIOO-1000x309.png 1000w, https:\/\/retinadesign.com\/wp-content\/uploads\/2025\/08\/brown-copper-TIOO-300x93.png 300w, https:\/\/retinadesign.com\/wp-content\/uploads\/2025\/08\/brown-copper-TIOO-768x237.png 768w, https:\/\/retinadesign.com\/wp-content\/uploads\/2025\/08\/brown-copper-TIOO-1536x475.png 1536w, https:\/\/retinadesign.com\/wp-content\/uploads\/2025\/08\/brown-copper-TIOO-2048x633.png 2048w\" sizes=\"(max-width: 800px) 100vw, 800px\" \/>\t\t\t\t\t\t\t\t\t\t\t\t\t\t\t<\/div>\n\t\t\t\t<\/div>\n\t\t\t\t\t<\/div>\n\t\t\t\t<\/div>\n\t\t<div class=\"elementor-element elementor-element-1ed5dff e-flex e-con-boxed e-con e-parent\" data-id=\"1ed5dff\" data-element_type=\"container\" data-e-type=\"container\">\n\t\t\t\t\t<div class=\"e-con-inner\">\n\t\t<div class=\"elementor-element elementor-element-486460b e-con-full e-grid e-con e-child\" data-id=\"486460b\" data-element_type=\"container\" data-e-type=\"container\" data-settings=\"{&quot;animation&quot;:&quot;none&quot;}\">\n\t\t<div class=\"elementor-element elementor-element-c738712 e-con-full e-flex e-con e-child\" data-id=\"c738712\" data-element_type=\"container\" data-e-type=\"container\">\n\t\t\t\t<div class=\"elementor-element elementor-element-63ea27d elementor-widget elementor-widget-heading\" data-id=\"63ea27d\" data-element_type=\"widget\" data-e-type=\"widget\" data-widget_type=\"heading.default\">\n\t\t\t\t<div class=\"elementor-widget-container\">\n\t\t\t\t\t<h2 class=\"elementor-heading-title elementor-size-default\">7. L'iris comme motif d\u00e9coratif \u2013 quand l'identit\u00e9 prend forme<\/h2>\t\t\t\t<\/div>\n\t\t\t\t<\/div>\n\t\t\t\t<div class=\"elementor-element elementor-element-9526766 elementor-widget elementor-widget-text-editor\" data-id=\"9526766\" data-element_type=\"widget\" data-e-type=\"widget\" data-widget_type=\"text-editor.default\">\n\t\t\t\t<div class=\"elementor-widget-container\">\n\t\t\t\t\t\t\t\t\t<p>De plus en plus souvent, l&rsquo;iris n&rsquo;est plus seulement photographi\u00e9, mais mat\u00e9rialis\u00e9. Au lieu d&rsquo;une photo derri\u00e8re de l&rsquo;acrylique, on cr\u00e9e un objet en m\u00e9tal pr\u00e9cieux qui interpr\u00e8te les motifs de l&rsquo;iris sous forme de gravure, de relief ou de forme.<\/p>\n<p>Pourquoi cette approche est-elle si puissante ?<\/p>\n<p>Une photo est un instant.<\/p>\n<p>Un bijou est un compagnon de vie.<\/p>\n<p>L&rsquo;or et le platine ne changent pas \u2013 ils sont porteurs de symbolisme et de p\u00e9rennit\u00e9.<\/p>\n<p>Un relief de l&rsquo;iris devient une partie de sa propre histoire \u2013 non seulement visible, mais aussi tangible.<\/p>\n<p>L&rsquo;iris devient ainsi un symbole que l&rsquo;on ne se contente pas de regarder, mais que l&rsquo;on touche. Un morceau d&rsquo;identit\u00e9 sous forme d&rsquo;or.<\/p>\n\t\t\t\t\t\t\t\t<\/div>\n\t\t\t\t<\/div>\n\t\t\t\t<\/div>\n\t\t<div class=\"elementor-element elementor-element-4f4ad97 e-con-full e-flex e-con e-child\" data-id=\"4f4ad97\" data-element_type=\"container\" data-e-type=\"container\" data-settings=\"{&quot;background_background&quot;:&quot;classic&quot;}\">\n\t\t\t\t<\/div>\n\t\t\t\t<\/div>\n\t\t\t\t\t<\/div>\n\t\t\t\t<\/div>\n\t\t<div class=\"elementor-element elementor-element-84e53ae e-flex e-con-boxed e-con e-parent\" data-id=\"84e53ae\" data-element_type=\"container\" data-e-type=\"container\" data-settings=\"{&quot;background_background&quot;:&quot;classic&quot;}\">\n\t\t\t\t\t<div class=\"e-con-inner\">\n\t\t<div class=\"elementor-element elementor-element-eeb3436 e-con-full e-flex e-con e-child\" data-id=\"eeb3436\" data-element_type=\"container\" data-e-type=\"container\">\n\t\t<div class=\"elementor-element elementor-element-bd52e1a e-con-full e-grid e-con e-child\" data-id=\"bd52e1a\" data-element_type=\"container\" data-e-type=\"container\" data-settings=\"{&quot;animation&quot;:&quot;none&quot;}\">\n\t\t<div class=\"elementor-element elementor-element-0f56ceb e-con-full e-flex e-con e-child\" data-id=\"0f56ceb\" data-element_type=\"container\" data-e-type=\"container\" data-settings=\"{&quot;background_background&quot;:&quot;classic&quot;}\">\n\t\t\t\t<\/div>\n\t\t<div class=\"elementor-element elementor-element-ce8d82f e-con-full e-flex e-con e-child\" data-id=\"ce8d82f\" data-element_type=\"container\" data-e-type=\"container\">\n\t\t\t\t<div class=\"elementor-element elementor-element-c8e38a1 elementor-widget elementor-widget-heading\" data-id=\"c8e38a1\" data-element_type=\"widget\" data-e-type=\"widget\" data-widget_type=\"heading.default\">\n\t\t\t\t<div class=\"elementor-widget-container\">\n\t\t\t\t\t<h2 class=\"elementor-heading-title elementor-size-default\">8. L'iris \u2013 un motif silencieux et infini<\/h2>\t\t\t\t<\/div>\n\t\t\t\t<\/div>\n\t\t\t\t<div class=\"elementor-element elementor-element-aa41135 elementor-widget elementor-widget-text-editor\" data-id=\"aa41135\" data-element_type=\"widget\" data-e-type=\"widget\" data-widget_type=\"text-editor.default\">\n\t\t\t\t<div class=\"elementor-widget-container\">\n\t\t\t\t\t\t\t\t\t<p>Peut-\u00eatre leur fascination s&rsquo;explique-t-elle ainsi :<br \/>l&rsquo;iris est un lieu o\u00f9 la nature et l&rsquo;\u00e2me se rencontrent. Il est biologiquement pr\u00e9cis, mais \u00e9motionnellement ouvert. Il sert \u00e0 la perception \u2013 et devient lui-m\u00eame une image.<\/p>\n<p>Il change \u00e0 la lumi\u00e8re tout en restant lui-m\u00eame. Il montre ce qui nous rend uniques et nous rappelle en m\u00eame temps qu&rsquo;il existe en chaque \u00eatre humain une profondeur que l&rsquo;on ne reconna\u00eet qu&rsquo;en y regardant de plus pr\u00e8s.<\/p>\n\t\t\t\t\t\t\t\t<\/div>\n\t\t\t\t<\/div>\n\t\t\t\t<\/div>\n\t\t\t\t<\/div>\n\t\t\t\t<\/div>\n\t\t\t\t<div class=\"elementor-element elementor-element-6faab81 elementor-widget elementor-widget-image\" data-id=\"6faab81\" data-element_type=\"widget\" data-e-type=\"widget\" data-widget_type=\"image.default\">\n\t\t\t\t<div class=\"elementor-widget-container\">\n\t\t\t\t\t\t\t\t\t\t\t\t\t\t\t<img decoding=\"async\" width=\"800\" height=\"247\" src=\"https:\/\/retinadesign.com\/wp-content\/uploads\/2025\/08\/brown-copper-TIOO-1000x309.png\" class=\"attachment-large size-large wp-image-16912\" alt=\"There Is Only One.\" srcset=\"https:\/\/retinadesign.com\/wp-content\/uploads\/2025\/08\/brown-copper-TIOO-1000x309.png 1000w, https:\/\/retinadesign.com\/wp-content\/uploads\/2025\/08\/brown-copper-TIOO-300x93.png 300w, https:\/\/retinadesign.com\/wp-content\/uploads\/2025\/08\/brown-copper-TIOO-768x237.png 768w, https:\/\/retinadesign.com\/wp-content\/uploads\/2025\/08\/brown-copper-TIOO-1536x475.png 1536w, https:\/\/retinadesign.com\/wp-content\/uploads\/2025\/08\/brown-copper-TIOO-2048x633.png 2048w\" sizes=\"(max-width: 800px) 100vw, 800px\" \/>\t\t\t\t\t\t\t\t\t\t\t\t\t\t\t<\/div>\n\t\t\t\t<\/div>\n\t\t\t\t\t<\/div>\n\t\t\t\t<\/div>\n\t\t\t\t<\/div>\n\t\t","protected":false},"excerpt":{"rendered":"<p>La fascination de l&rsquo;iris &#8211; la fen\u00eatre de l&rsquo;\u00e2me Faits et anecdotes En savoir plus L&rsquo;iris \u2013 Une \u0153uvre d&rsquo;art naturelle entre identit\u00e9, beaut\u00e9 et signification L&rsquo;iris est l&rsquo;une des merveilles les plus discr\u00e8tes de notre corps. Il est \u00e0 la fois couleur, structure, musculature et motif symbolique qui fascine les hommes depuis des si\u00e8cles. [&hellip;]<\/p>\n","protected":false},"author":3,"featured_media":24425,"comment_status":"closed","ping_status":"closed","sticky":false,"template":"","format":"standard","meta":{"footnotes":""},"categories":[112],"tags":[],"class_list":["post-24429","post","type-post","status-publish","format-standard","has-post-thumbnail","hentry","category-blog-fr"],"yoast_head":"<!-- This site is optimized with the Yoast SEO Premium plugin v26.9 (Yoast SEO v27.5) - https:\/\/yoast.com\/product\/yoast-seo-premium-wordpress\/ -->\n<title>L&#039;iris : couleurs, signification et bijoux | RetinaDesign<\/title>\n<meta name=\"description\" content=\"La fascination de l\u2019iris : couleurs uniques, \u00e9volution au fil de la vie et iris-photographie transform\u00e9e en bijoux personnalis\u00e9s en or et platine.\" \/>\n<meta name=\"robots\" content=\"index, follow, max-snippet:-1, max-image-preview:large, max-video-preview:-1\" \/>\n<link rel=\"canonical\" href=\"https:\/\/retinadesign.com\/fr\/iris\/\" \/>\n<meta property=\"og:locale\" content=\"fr_FR\" \/>\n<meta property=\"og:type\" content=\"article\" \/>\n<meta property=\"og:title\" content=\"Iris\" \/>\n<meta property=\"og:description\" content=\"La fascination de l\u2019iris : couleurs uniques, \u00e9volution au fil de la vie et iris-photographie transform\u00e9e en bijoux personnalis\u00e9s en or et platine.\" \/>\n<meta property=\"og:url\" content=\"https:\/\/retinadesign.com\/fr\/iris\/\" \/>\n<meta property=\"og:site_name\" content=\"RETINA\" \/>\n<meta property=\"article:publisher\" content=\"https:\/\/www.facebook.com\/retinajewelry\" \/>\n<meta property=\"article:published_time\" content=\"2025-11-19T07:44:14+00:00\" \/>\n<meta property=\"article:modified_time\" content=\"2025-11-19T18:57:36+00:00\" \/>\n<meta property=\"og:image\" content=\"https:\/\/retinadesign.com\/wp-content\/uploads\/2025\/11\/Familien-Bild-Iris-Clash.webp\" \/>\n\t<meta property=\"og:image:width\" content=\"480\" \/>\n\t<meta property=\"og:image:height\" content=\"480\" \/>\n\t<meta property=\"og:image:type\" content=\"image\/webp\" \/>\n<meta name=\"author\" content=\"StefanW\" \/>\n<meta name=\"twitter:card\" content=\"summary_large_image\" \/>\n<meta name=\"twitter:label1\" content=\"\u00c9crit par\" \/>\n\t<meta name=\"twitter:data1\" content=\"StefanW\" \/>\n\t<meta name=\"twitter:label2\" content=\"Dur\u00e9e de lecture estim\u00e9e\" \/>\n\t<meta name=\"twitter:data2\" content=\"9 minutes\" \/>\n<script type=\"application\/ld+json\" class=\"yoast-schema-graph\">{\"@context\":\"https:\\\/\\\/schema.org\",\"@graph\":[{\"@type\":\"Article\",\"@id\":\"https:\\\/\\\/retinadesign.com\\\/fr\\\/iris\\\/#article\",\"isPartOf\":{\"@id\":\"https:\\\/\\\/retinadesign.com\\\/fr\\\/iris\\\/\"},\"author\":{\"name\":\"StefanW\",\"@id\":\"https:\\\/\\\/retinadesign.com\\\/fr\\\/#\\\/schema\\\/person\\\/5b5e7f8de405c77d26889b6f2b609698\"},\"headline\":\"Iris\",\"datePublished\":\"2025-11-19T07:44:14+00:00\",\"dateModified\":\"2025-11-19T18:57:36+00:00\",\"mainEntityOfPage\":{\"@id\":\"https:\\\/\\\/retinadesign.com\\\/fr\\\/iris\\\/\"},\"wordCount\":1863,\"publisher\":{\"@id\":\"https:\\\/\\\/retinadesign.com\\\/fr\\\/#organization\"},\"image\":{\"@id\":\"https:\\\/\\\/retinadesign.com\\\/fr\\\/iris\\\/#primaryimage\"},\"thumbnailUrl\":\"https:\\\/\\\/retinadesign.com\\\/wp-content\\\/uploads\\\/2025\\\/11\\\/Familien-Bild-Iris-Clash.webp\",\"articleSection\":[\"Blog\"],\"inLanguage\":\"fr-FR\"},{\"@type\":\"WebPage\",\"@id\":\"https:\\\/\\\/retinadesign.com\\\/fr\\\/iris\\\/\",\"url\":\"https:\\\/\\\/retinadesign.com\\\/fr\\\/iris\\\/\",\"name\":\"L'iris : couleurs, signification et bijoux | RetinaDesign\",\"isPartOf\":{\"@id\":\"https:\\\/\\\/retinadesign.com\\\/fr\\\/#website\"},\"primaryImageOfPage\":{\"@id\":\"https:\\\/\\\/retinadesign.com\\\/fr\\\/iris\\\/#primaryimage\"},\"image\":{\"@id\":\"https:\\\/\\\/retinadesign.com\\\/fr\\\/iris\\\/#primaryimage\"},\"thumbnailUrl\":\"https:\\\/\\\/retinadesign.com\\\/wp-content\\\/uploads\\\/2025\\\/11\\\/Familien-Bild-Iris-Clash.webp\",\"datePublished\":\"2025-11-19T07:44:14+00:00\",\"dateModified\":\"2025-11-19T18:57:36+00:00\",\"description\":\"La fascination de l\u2019iris : couleurs uniques, \u00e9volution au fil de la vie et iris-photographie transform\u00e9e en bijoux personnalis\u00e9s en or et platine.\",\"breadcrumb\":{\"@id\":\"https:\\\/\\\/retinadesign.com\\\/fr\\\/iris\\\/#breadcrumb\"},\"inLanguage\":\"fr-FR\",\"potentialAction\":[{\"@type\":\"ReadAction\",\"target\":[\"https:\\\/\\\/retinadesign.com\\\/fr\\\/iris\\\/\"]}]},{\"@type\":\"ImageObject\",\"inLanguage\":\"fr-FR\",\"@id\":\"https:\\\/\\\/retinadesign.com\\\/fr\\\/iris\\\/#primaryimage\",\"url\":\"https:\\\/\\\/retinadesign.com\\\/wp-content\\\/uploads\\\/2025\\\/11\\\/Familien-Bild-Iris-Clash.webp\",\"contentUrl\":\"https:\\\/\\\/retinadesign.com\\\/wp-content\\\/uploads\\\/2025\\\/11\\\/Familien-Bild-Iris-Clash.webp\",\"width\":480,\"height\":480,\"caption\":\"Familien-Bild-Iris-Clash\"},{\"@type\":\"BreadcrumbList\",\"@id\":\"https:\\\/\\\/retinadesign.com\\\/fr\\\/iris\\\/#breadcrumb\",\"itemListElement\":[{\"@type\":\"ListItem\",\"position\":1,\"name\":\"Home\",\"item\":\"https:\\\/\\\/retinadesign.com\\\/fr\\\/\"},{\"@type\":\"ListItem\",\"position\":2,\"name\":\"Iris\"}]},{\"@type\":\"WebSite\",\"@id\":\"https:\\\/\\\/retinadesign.com\\\/fr\\\/#website\",\"url\":\"https:\\\/\\\/retinadesign.com\\\/fr\\\/\",\"name\":\"RetinaDesign\",\"description\":\"Einzigartige Eheringe, personalisierter Schmuck\",\"publisher\":{\"@id\":\"https:\\\/\\\/retinadesign.com\\\/fr\\\/#organization\"},\"potentialAction\":[{\"@type\":\"SearchAction\",\"target\":{\"@type\":\"EntryPoint\",\"urlTemplate\":\"https:\\\/\\\/retinadesign.com\\\/fr\\\/?s={search_term_string}\"},\"query-input\":{\"@type\":\"PropertyValueSpecification\",\"valueRequired\":true,\"valueName\":\"search_term_string\"}}],\"inLanguage\":\"fr-FR\"},{\"@type\":[\"Organization\",\"Place\",\"JewelryStore\"],\"@id\":\"https:\\\/\\\/retinadesign.com\\\/fr\\\/#organization\",\"name\":\"%%Retina\u00ae%%\",\"alternateName\":\"RetinaDesign AG\",\"url\":\"https:\\\/\\\/retinadesign.com\\\/fr\\\/\",\"logo\":{\"@id\":\"https:\\\/\\\/retinadesign.com\\\/fr\\\/iris\\\/#local-main-organization-logo\"},\"image\":{\"@id\":\"https:\\\/\\\/retinadesign.com\\\/fr\\\/iris\\\/#local-main-organization-logo\"},\"sameAs\":[\"https:\\\/\\\/www.facebook.com\\\/retinajewelry\",\"https:\\\/\\\/www.linkedin.com\\\/in\\\/stefanwacha\\\/\",\"https:\\\/\\\/www.instagram.com\\\/retinajewelry\",\"https:\\\/\\\/www.tiktok.com\\\/@retinadesign\",\"https:\\\/\\\/www.youtube.com\\\/@StefanWacha\"],\"description\":\"RetinaDesign ist die einzige Goldschmiede weltweit, die Schmuck designed und anfertigt, welcher das Muster der Retina des Schmucktr\u00e4gers auf kunstvolle Art und Weise wie eine versteckte Signatur verewigt. Pers\u00f6nlich, individuell, \u00e4sthetisch ansprechend und einzigartig zugleich.\",\"legalName\":\"RetinaDesign AG\",\"foundingDate\":\"2023-06-06\",\"numberOfEmployees\":{\"@type\":\"QuantitativeValue\",\"minValue\":\"1\",\"maxValue\":\"10\"},\"address\":{\"@id\":\"https:\\\/\\\/retinadesign.com\\\/fr\\\/iris\\\/#local-main-place-address\"},\"geo\":{\"@type\":\"GeoCoordinates\",\"latitude\":\"47.5590696\",\"longitude\":\"7.589044500000001\"},\"telephone\":[\"+41788917989\",\"+41615549303\"],\"contactPoint\":{\"@type\":\"ContactPoint\",\"telephone\":\"+41788917989\",\"email\":\"info@retinadesign.com\"},\"openingHoursSpecification\":[{\"@type\":\"OpeningHoursSpecification\",\"dayOfWeek\":[\"Monday\",\"Tuesday\",\"Thursday\",\"Sunday\"],\"opens\":\"00:00\",\"closes\":\"00:00\"},{\"@type\":\"OpeningHoursSpecification\",\"dayOfWeek\":[\"Wednesday\",\"Friday\"],\"opens\":\"09:00\",\"closes\":\"18:00\"},{\"@type\":\"OpeningHoursSpecification\",\"dayOfWeek\":[\"Saturday\"],\"opens\":\"10:00\",\"closes\":\"17:00\"}],\"email\":\"info@retinadesign.com\",\"areaServed\":\"globally\",\"vatID\":\"CHE-483.540.767\",\"taxID\":\"CHE-483.540.767\",\"priceRange\":\"$$$\",\"currenciesAccepted\":\"CHF, EUR, USD\",\"paymentAccepted\":\"cash, VISA, Mastercard,Twint,Postfinance,\"},{\"@type\":\"Person\",\"@id\":\"https:\\\/\\\/retinadesign.com\\\/fr\\\/#\\\/schema\\\/person\\\/5b5e7f8de405c77d26889b6f2b609698\",\"name\":\"StefanW\",\"image\":{\"@type\":\"ImageObject\",\"inLanguage\":\"fr-FR\",\"@id\":\"https:\\\/\\\/secure.gravatar.com\\\/avatar\\\/30f1c3db6f466000c76c0040123088b52601bf55106dc25b66e96dad525c8a2a?s=96&d=mm&r=g\",\"url\":\"https:\\\/\\\/secure.gravatar.com\\\/avatar\\\/30f1c3db6f466000c76c0040123088b52601bf55106dc25b66e96dad525c8a2a?s=96&d=mm&r=g\",\"contentUrl\":\"https:\\\/\\\/secure.gravatar.com\\\/avatar\\\/30f1c3db6f466000c76c0040123088b52601bf55106dc25b66e96dad525c8a2a?s=96&d=mm&r=g\",\"caption\":\"StefanW\"},\"url\":\"https:\\\/\\\/retinadesign.com\\\/fr\\\/author\\\/stefanw\\\/\"},{\"@type\":\"PostalAddress\",\"@id\":\"https:\\\/\\\/retinadesign.com\\\/fr\\\/iris\\\/#local-main-place-address\",\"streetAddress\":\"Rheinsprung 10\",\"addressLocality\":\"Basel\",\"postalCode\":\"4051\",\"addressRegion\":\"Basel-Stadt\",\"addressCountry\":\"CH\"},{\"@type\":\"ImageObject\",\"inLanguage\":\"fr-FR\",\"@id\":\"https:\\\/\\\/retinadesign.com\\\/fr\\\/iris\\\/#local-main-organization-logo\",\"url\":\"https:\\\/\\\/retinadesign.com\\\/wp-content\\\/uploads\\\/2025\\\/05\\\/250504-Retina-Final-Icon-Colour.svg\",\"contentUrl\":\"https:\\\/\\\/retinadesign.com\\\/wp-content\\\/uploads\\\/2025\\\/05\\\/250504-Retina-Final-Icon-Colour.svg\",\"width\":599,\"height\":595,\"caption\":\"%%Retina\u00ae%%\"}]}<\/script>\n<meta name=\"geo.placename\" content=\"Basel\" \/>\n<meta name=\"geo.position\" content=\"47.5590696;7.589044500000001\" \/>\n<meta name=\"geo.region\" content=\"Suisse\" \/>\n<!-- \/ Yoast SEO Premium plugin. -->","yoast_head_json":{"title":"L'iris : couleurs, signification et bijoux | RetinaDesign","description":"La fascination de l\u2019iris : couleurs uniques, \u00e9volution au fil de la vie et iris-photographie transform\u00e9e en bijoux personnalis\u00e9s en or et platine.","robots":{"index":"index","follow":"follow","max-snippet":"max-snippet:-1","max-image-preview":"max-image-preview:large","max-video-preview":"max-video-preview:-1"},"canonical":"https:\/\/retinadesign.com\/fr\/iris\/","og_locale":"fr_FR","og_type":"article","og_title":"Iris","og_description":"La fascination de l\u2019iris : couleurs uniques, \u00e9volution au fil de la vie et iris-photographie transform\u00e9e en bijoux personnalis\u00e9s en or et platine.","og_url":"https:\/\/retinadesign.com\/fr\/iris\/","og_site_name":"RETINA","article_publisher":"https:\/\/www.facebook.com\/retinajewelry","article_published_time":"2025-11-19T07:44:14+00:00","article_modified_time":"2025-11-19T18:57:36+00:00","og_image":[{"width":480,"height":480,"url":"https:\/\/retinadesign.com\/wp-content\/uploads\/2025\/11\/Familien-Bild-Iris-Clash.webp","type":"image\/webp"}],"author":"StefanW","twitter_card":"summary_large_image","twitter_misc":{"\u00c9crit par":"StefanW","Dur\u00e9e de lecture estim\u00e9e":"9 minutes"},"schema":{"@context":"https:\/\/schema.org","@graph":[{"@type":"Article","@id":"https:\/\/retinadesign.com\/fr\/iris\/#article","isPartOf":{"@id":"https:\/\/retinadesign.com\/fr\/iris\/"},"author":{"name":"StefanW","@id":"https:\/\/retinadesign.com\/fr\/#\/schema\/person\/5b5e7f8de405c77d26889b6f2b609698"},"headline":"Iris","datePublished":"2025-11-19T07:44:14+00:00","dateModified":"2025-11-19T18:57:36+00:00","mainEntityOfPage":{"@id":"https:\/\/retinadesign.com\/fr\/iris\/"},"wordCount":1863,"publisher":{"@id":"https:\/\/retinadesign.com\/fr\/#organization"},"image":{"@id":"https:\/\/retinadesign.com\/fr\/iris\/#primaryimage"},"thumbnailUrl":"https:\/\/retinadesign.com\/wp-content\/uploads\/2025\/11\/Familien-Bild-Iris-Clash.webp","articleSection":["Blog"],"inLanguage":"fr-FR"},{"@type":"WebPage","@id":"https:\/\/retinadesign.com\/fr\/iris\/","url":"https:\/\/retinadesign.com\/fr\/iris\/","name":"L'iris : couleurs, signification et bijoux | RetinaDesign","isPartOf":{"@id":"https:\/\/retinadesign.com\/fr\/#website"},"primaryImageOfPage":{"@id":"https:\/\/retinadesign.com\/fr\/iris\/#primaryimage"},"image":{"@id":"https:\/\/retinadesign.com\/fr\/iris\/#primaryimage"},"thumbnailUrl":"https:\/\/retinadesign.com\/wp-content\/uploads\/2025\/11\/Familien-Bild-Iris-Clash.webp","datePublished":"2025-11-19T07:44:14+00:00","dateModified":"2025-11-19T18:57:36+00:00","description":"La fascination de l\u2019iris : couleurs uniques, \u00e9volution au fil de la vie et iris-photographie transform\u00e9e en bijoux personnalis\u00e9s en or et platine.","breadcrumb":{"@id":"https:\/\/retinadesign.com\/fr\/iris\/#breadcrumb"},"inLanguage":"fr-FR","potentialAction":[{"@type":"ReadAction","target":["https:\/\/retinadesign.com\/fr\/iris\/"]}]},{"@type":"ImageObject","inLanguage":"fr-FR","@id":"https:\/\/retinadesign.com\/fr\/iris\/#primaryimage","url":"https:\/\/retinadesign.com\/wp-content\/uploads\/2025\/11\/Familien-Bild-Iris-Clash.webp","contentUrl":"https:\/\/retinadesign.com\/wp-content\/uploads\/2025\/11\/Familien-Bild-Iris-Clash.webp","width":480,"height":480,"caption":"Familien-Bild-Iris-Clash"},{"@type":"BreadcrumbList","@id":"https:\/\/retinadesign.com\/fr\/iris\/#breadcrumb","itemListElement":[{"@type":"ListItem","position":1,"name":"Home","item":"https:\/\/retinadesign.com\/fr\/"},{"@type":"ListItem","position":2,"name":"Iris"}]},{"@type":"WebSite","@id":"https:\/\/retinadesign.com\/fr\/#website","url":"https:\/\/retinadesign.com\/fr\/","name":"RetinaDesign","description":"Einzigartige Eheringe, personalisierter Schmuck","publisher":{"@id":"https:\/\/retinadesign.com\/fr\/#organization"},"potentialAction":[{"@type":"SearchAction","target":{"@type":"EntryPoint","urlTemplate":"https:\/\/retinadesign.com\/fr\/?s={search_term_string}"},"query-input":{"@type":"PropertyValueSpecification","valueRequired":true,"valueName":"search_term_string"}}],"inLanguage":"fr-FR"},{"@type":["Organization","Place","JewelryStore"],"@id":"https:\/\/retinadesign.com\/fr\/#organization","name":"%%Retina\u00ae%%","alternateName":"RetinaDesign AG","url":"https:\/\/retinadesign.com\/fr\/","logo":{"@id":"https:\/\/retinadesign.com\/fr\/iris\/#local-main-organization-logo"},"image":{"@id":"https:\/\/retinadesign.com\/fr\/iris\/#local-main-organization-logo"},"sameAs":["https:\/\/www.facebook.com\/retinajewelry","https:\/\/www.linkedin.com\/in\/stefanwacha\/","https:\/\/www.instagram.com\/retinajewelry","https:\/\/www.tiktok.com\/@retinadesign","https:\/\/www.youtube.com\/@StefanWacha"],"description":"RetinaDesign ist die einzige Goldschmiede weltweit, die Schmuck designed und anfertigt, welcher das Muster der Retina des Schmucktr\u00e4gers auf kunstvolle Art und Weise wie eine versteckte Signatur verewigt. Pers\u00f6nlich, individuell, \u00e4sthetisch ansprechend und einzigartig zugleich.","legalName":"RetinaDesign AG","foundingDate":"2023-06-06","numberOfEmployees":{"@type":"QuantitativeValue","minValue":"1","maxValue":"10"},"address":{"@id":"https:\/\/retinadesign.com\/fr\/iris\/#local-main-place-address"},"geo":{"@type":"GeoCoordinates","latitude":"47.5590696","longitude":"7.589044500000001"},"telephone":["+41788917989","+41615549303"],"contactPoint":{"@type":"ContactPoint","telephone":"+41788917989","email":"info@retinadesign.com"},"openingHoursSpecification":[{"@type":"OpeningHoursSpecification","dayOfWeek":["Monday","Tuesday","Thursday","Sunday"],"opens":"00:00","closes":"00:00"},{"@type":"OpeningHoursSpecification","dayOfWeek":["Wednesday","Friday"],"opens":"09:00","closes":"18:00"},{"@type":"OpeningHoursSpecification","dayOfWeek":["Saturday"],"opens":"10:00","closes":"17:00"}],"email":"info@retinadesign.com","areaServed":"globally","vatID":"CHE-483.540.767","taxID":"CHE-483.540.767","priceRange":"$$$","currenciesAccepted":"CHF, EUR, USD","paymentAccepted":"cash, VISA, Mastercard,Twint,Postfinance,"},{"@type":"Person","@id":"https:\/\/retinadesign.com\/fr\/#\/schema\/person\/5b5e7f8de405c77d26889b6f2b609698","name":"StefanW","image":{"@type":"ImageObject","inLanguage":"fr-FR","@id":"https:\/\/secure.gravatar.com\/avatar\/30f1c3db6f466000c76c0040123088b52601bf55106dc25b66e96dad525c8a2a?s=96&d=mm&r=g","url":"https:\/\/secure.gravatar.com\/avatar\/30f1c3db6f466000c76c0040123088b52601bf55106dc25b66e96dad525c8a2a?s=96&d=mm&r=g","contentUrl":"https:\/\/secure.gravatar.com\/avatar\/30f1c3db6f466000c76c0040123088b52601bf55106dc25b66e96dad525c8a2a?s=96&d=mm&r=g","caption":"StefanW"},"url":"https:\/\/retinadesign.com\/fr\/author\/stefanw\/"},{"@type":"PostalAddress","@id":"https:\/\/retinadesign.com\/fr\/iris\/#local-main-place-address","streetAddress":"Rheinsprung 10","addressLocality":"Basel","postalCode":"4051","addressRegion":"Basel-Stadt","addressCountry":"CH"},{"@type":"ImageObject","inLanguage":"fr-FR","@id":"https:\/\/retinadesign.com\/fr\/iris\/#local-main-organization-logo","url":"https:\/\/retinadesign.com\/wp-content\/uploads\/2025\/05\/250504-Retina-Final-Icon-Colour.svg","contentUrl":"https:\/\/retinadesign.com\/wp-content\/uploads\/2025\/05\/250504-Retina-Final-Icon-Colour.svg","width":599,"height":595,"caption":"%%Retina\u00ae%%"}]},"geo.placename":"Basel","geo.position":{"lat":"47.5590696","long":"7.589044500000001"},"geo.region":"Suisse"},"_links":{"self":[{"href":"https:\/\/retinadesign.com\/fr\/wp-json\/wp\/v2\/posts\/24429","targetHints":{"allow":["GET"]}}],"collection":[{"href":"https:\/\/retinadesign.com\/fr\/wp-json\/wp\/v2\/posts"}],"about":[{"href":"https:\/\/retinadesign.com\/fr\/wp-json\/wp\/v2\/types\/post"}],"author":[{"embeddable":true,"href":"https:\/\/retinadesign.com\/fr\/wp-json\/wp\/v2\/users\/3"}],"replies":[{"embeddable":true,"href":"https:\/\/retinadesign.com\/fr\/wp-json\/wp\/v2\/comments?post=24429"}],"version-history":[{"count":1,"href":"https:\/\/retinadesign.com\/fr\/wp-json\/wp\/v2\/posts\/24429\/revisions"}],"predecessor-version":[{"id":24430,"href":"https:\/\/retinadesign.com\/fr\/wp-json\/wp\/v2\/posts\/24429\/revisions\/24430"}],"wp:featuredmedia":[{"embeddable":true,"href":"https:\/\/retinadesign.com\/fr\/wp-json\/wp\/v2\/media\/24425"}],"wp:attachment":[{"href":"https:\/\/retinadesign.com\/fr\/wp-json\/wp\/v2\/media?parent=24429"}],"wp:term":[{"taxonomy":"category","embeddable":true,"href":"https:\/\/retinadesign.com\/fr\/wp-json\/wp\/v2\/categories?post=24429"},{"taxonomy":"post_tag","embeddable":true,"href":"https:\/\/retinadesign.com\/fr\/wp-json\/wp\/v2\/tags?post=24429"}],"curies":[{"name":"wp","href":"https:\/\/api.w.org\/{rel}","templated":true}]}}